{"id":6020,"date":"2024-12-11T14:25:59","date_gmt":"2024-12-11T13:25:59","guid":{"rendered":"https:\/\/tech-n-bio.marquedigitale.dev\/?p=6020"},"modified":"2024-12-12T14:16:31","modified_gmt":"2024-12-12T13:16:31","slug":"ouverture-des-reservations-de-stand-pour-le-salon-agricole-international-techbio-2025","status":"publish","type":"post","link":"https:\/\/tech-n-bio.com\/en\/ouverture-des-reservations-de-stand-pour-le-salon-agricole-international-techbio-2025\/","title":{"rendered":"Booth reservations open for the Tech&amp;Bio 2025 trade show"},"content":{"rendered":"<p class=\"translation-block\">Booth reservations, exhibition and demonstration spaces and partnership opportunities for the <strong>Tech&amp;Bio international agricultural show<\/strong> which will take place on <span style=\"color: #51ad32\"><strong>September 24 &amp; 25, 2025<\/strong><\/span>, are open! Book before February 28 to benefit from a preferential rate.<\/p>\n<p class=\"translation-block\">Discover now <a href=\"https:\/\/tech-n-bio.com\/en\/les-salons\/2025-salon\/exposer\/\" target=\"_self\"><span style=\"color: #51ad32\"><strong>why you should exhibit<\/strong><\/span><\/a> at this exceptional event, and learn about <span style=\"color: #f08701\"><strong><a style=\"color: #f08701\" href=\"https:\/\/esos.kitsecure.org\/app85.cshtml?aat=32366f3177785371514c736a46614e566d7a523264524253477358724c5076544431544b303865623250773d\" target=\"_blank\" rel=\"noopener\">our offers<\/a><\/strong>.<\/span> Any questions? Our sales department is at your disposal at <strong><span style=\"color: #f08701\"><a style=\"color: #f08701\" href=\"mailto:commercial@tech-n-bio.com\" target=\"_blank\" rel=\"noopener\">commercial@tech-n-bio.com<\/a><\/span><\/strong> or by phone at 06 47 40 64 09.<\/p>\n<p>&nbsp;<\/p>","protected":false},"excerpt":{"rendered":"<p>Les r\u00e9servations de stand, espaces d&rsquo;exposition et de d\u00e9monstration et opportunit\u00e9s de partenariat pour le salon agricole international Tech&amp;Bio qui se d\u00e9roulera les 24 &amp; 25 septembre 2025, sont ouvertes ! R\u00e9servez avant le 28 f\u00e9vrier pour b\u00e9n\u00e9ficier d&rsquo;un tarif avantageux. D\u00e9couvrez d\u00e8s \u00e0 pr\u00e9sent pourquoi vous devriez exposer lors de cet \u00e9v\u00e9nement d&rsquo;exception, et [&hellip;]<\/p>\n","protected":false},"author":5,"featured_media":6022,"comment_status":"closed","ping_status":"closed","sticky":false,"template":"","format":"standard","meta":{"_acf_changed":false,"footnotes":""},"categories":[88],"tags":[],"class_list":["post-6020","post","type-post","status-publish","format-standard","has-post-thumbnail","hentry","category-salon-2025"],"acf":[],"yoast_head":"<!-- This site is optimized with the Yoast SEO plugin v27.5 - https:\/\/yoast.com\/product\/yoast-seo-wordpress\/ -->\n<title>Ouverture des r\u00e9servations de stand pour le salon Tech&amp;Bio 2025 - Tech N Bio<\/title>\n<meta name=\"description\" content=\"%Ouverture des r\u00e9servations de stand pour le salon Tech&amp;Bio 2025 - Tech&amp;Bio, le salon agricole international des techniques bio et alternatives - Dr\u00f4me\" \/>\n<meta name=\"robots\" content=\"index, follow, max-snippet:-1, max-image-preview:large, max-video-preview:-1\" \/>\n<link rel=\"canonical\" href=\"https:\/\/tech-n-bio.com\/en\/ouverture-des-reservations-de-stand-pour-le-salon-agricole-international-techbio-2025\/\" \/>\n<meta property=\"og:locale\" content=\"en_US\" \/>\n<meta property=\"og:type\" content=\"article\" \/>\n<meta property=\"og:title\" content=\"Ouverture des r\u00e9servations de stand pour le salon Tech&amp;Bio 2025 - Tech N Bio\" \/>\n<meta property=\"og:description\" content=\"%Ouverture des r\u00e9servations de stand pour le salon Tech&amp;Bio 2025 - Tech&amp;Bio, le salon agricole international des techniques bio et alternatives - Dr\u00f4me\" \/>\n<meta property=\"og:url\" content=\"https:\/\/tech-n-bio.com\/en\/ouverture-des-reservations-de-stand-pour-le-salon-agricole-international-techbio-2025\/\" \/>\n<meta property=\"og:site_name\" content=\"Tech N Bio\" \/>\n<meta property=\"article:published_time\" content=\"2024-12-11T13:25:59+00:00\" \/>\n<meta property=\"article:modified_time\" content=\"2024-12-12T13:16:31+00:00\" \/>\n<meta property=\"og:image\" content=\"https:\/\/tech-n-bio.com\/wp-content\/uploads\/2024\/12\/Salon-agricole-international-tech-bio-2025-inscription.jpg\" \/>\n\t<meta property=\"og:image:width\" content=\"1200\" \/>\n\t<meta property=\"og:image:height\" content=\"600\" \/>\n\t<meta property=\"og:image:type\" content=\"image\/jpeg\" \/>\n<meta name=\"author\" content=\"marquedigitale\" \/>\n<meta name=\"twitter:card\" content=\"summary_large_image\" \/>\n<meta name=\"twitter:label1\" content=\"Written by\" \/>\n\t<meta name=\"twitter:data1\" content=\"marquedigitale\" \/>\n\t<meta name=\"twitter:label2\" content=\"Est. reading time\" \/>\n\t<meta name=\"twitter:data2\" content=\"1 minute\" \/>\n<script type=\"application\/ld+json\" class=\"yoast-schema-graph\">{\"@context\":\"https:\\\/\\\/schema.org\",\"@graph\":[{\"@type\":\"Article\",\"@id\":\"https:\\\/\\\/tech-n-bio.com\\\/ouverture-des-reservations-de-stand-pour-le-salon-agricole-international-techbio-2025\\\/#article\",\"isPartOf\":{\"@id\":\"https:\\\/\\\/tech-n-bio.com\\\/ouverture-des-reservations-de-stand-pour-le-salon-agricole-international-techbio-2025\\\/\"},\"author\":{\"name\":\"marquedigitale\",\"@id\":\"https:\\\/\\\/tech-n-bio.com\\\/#\\\/schema\\\/person\\\/92d89370de6a28875996815f15cc05c4\"},\"headline\":\"Ouverture des r\u00e9servations de stand pour le salon Tech&#038;Bio 2025\",\"datePublished\":\"2024-12-11T13:25:59+00:00\",\"dateModified\":\"2024-12-12T13:16:31+00:00\",\"mainEntityOfPage\":{\"@id\":\"https:\\\/\\\/tech-n-bio.com\\\/ouverture-des-reservations-de-stand-pour-le-salon-agricole-international-techbio-2025\\\/\"},\"wordCount\":105,\"publisher\":{\"@id\":\"https:\\\/\\\/tech-n-bio.com\\\/#organization\"},\"image\":{\"@id\":\"https:\\\/\\\/tech-n-bio.com\\\/ouverture-des-reservations-de-stand-pour-le-salon-agricole-international-techbio-2025\\\/#primaryimage\"},\"thumbnailUrl\":\"https:\\\/\\\/tech-n-bio.com\\\/wp-content\\\/uploads\\\/2024\\\/12\\\/Salon-agricole-international-tech-bio-2025-inscription.jpg\",\"articleSection\":[\"Salon 2025\"],\"inLanguage\":\"en-US\"},{\"@type\":\"WebPage\",\"@id\":\"https:\\\/\\\/tech-n-bio.com\\\/ouverture-des-reservations-de-stand-pour-le-salon-agricole-international-techbio-2025\\\/\",\"url\":\"https:\\\/\\\/tech-n-bio.com\\\/ouverture-des-reservations-de-stand-pour-le-salon-agricole-international-techbio-2025\\\/\",\"name\":\"Ouverture des r\u00e9servations de stand pour le salon Tech&Bio 2025 - Tech N Bio\",\"isPartOf\":{\"@id\":\"https:\\\/\\\/tech-n-bio.com\\\/#website\"},\"primaryImageOfPage\":{\"@id\":\"https:\\\/\\\/tech-n-bio.com\\\/ouverture-des-reservations-de-stand-pour-le-salon-agricole-international-techbio-2025\\\/#primaryimage\"},\"image\":{\"@id\":\"https:\\\/\\\/tech-n-bio.com\\\/ouverture-des-reservations-de-stand-pour-le-salon-agricole-international-techbio-2025\\\/#primaryimage\"},\"thumbnailUrl\":\"https:\\\/\\\/tech-n-bio.com\\\/wp-content\\\/uploads\\\/2024\\\/12\\\/Salon-agricole-international-tech-bio-2025-inscription.jpg\",\"datePublished\":\"2024-12-11T13:25:59+00:00\",\"dateModified\":\"2024-12-12T13:16:31+00:00\",\"description\":\"%Ouverture des r\u00e9servations de stand pour le salon Tech&Bio 2025 - Tech&Bio, le salon agricole international des techniques bio et alternatives - Dr\u00f4me\",\"inLanguage\":\"en-US\",\"potentialAction\":[{\"@type\":\"ReadAction\",\"target\":[\"https:\\\/\\\/tech-n-bio.com\\\/ouverture-des-reservations-de-stand-pour-le-salon-agricole-international-techbio-2025\\\/\"]}]},{\"@type\":\"ImageObject\",\"inLanguage\":\"en-US\",\"@id\":\"https:\\\/\\\/tech-n-bio.com\\\/ouverture-des-reservations-de-stand-pour-le-salon-agricole-international-techbio-2025\\\/#primaryimage\",\"url\":\"https:\\\/\\\/tech-n-bio.com\\\/wp-content\\\/uploads\\\/2024\\\/12\\\/Salon-agricole-international-tech-bio-2025-inscription.jpg\",\"contentUrl\":\"https:\\\/\\\/tech-n-bio.com\\\/wp-content\\\/uploads\\\/2024\\\/12\\\/Salon-agricole-international-tech-bio-2025-inscription.jpg\",\"width\":1200,\"height\":600,\"caption\":\"Salon Agricole International Tech & Bio 2025 Inscription\"},{\"@type\":\"WebSite\",\"@id\":\"https:\\\/\\\/tech-n-bio.com\\\/#website\",\"url\":\"https:\\\/\\\/tech-n-bio.com\\\/\",\"name\":\"Tech N Bio\",\"description\":\"\",\"publisher\":{\"@id\":\"https:\\\/\\\/tech-n-bio.com\\\/#organization\"},\"potentialAction\":[{\"@type\":\"SearchAction\",\"target\":{\"@type\":\"EntryPoint\",\"urlTemplate\":\"https:\\\/\\\/tech-n-bio.com\\\/?s={search_term_string}\"},\"query-input\":{\"@type\":\"PropertyValueSpecification\",\"valueRequired\":true,\"valueName\":\"search_term_string\"}}],\"inLanguage\":\"en-US\"},{\"@type\":\"Organization\",\"@id\":\"https:\\\/\\\/tech-n-bio.com\\\/#organization\",\"name\":\"Tech N Bio\",\"url\":\"https:\\\/\\\/tech-n-bio.com\\\/\",\"logo\":{\"@type\":\"ImageObject\",\"inLanguage\":\"en-US\",\"@id\":\"https:\\\/\\\/tech-n-bio.com\\\/#\\\/schema\\\/logo\\\/image\\\/\",\"url\":\"https:\\\/\\\/tech-n-bio.com\\\/wp-content\\\/uploads\\\/2024\\\/09\\\/logo-Tech-N-Bio.svg\",\"contentUrl\":\"https:\\\/\\\/tech-n-bio.com\\\/wp-content\\\/uploads\\\/2024\\\/09\\\/logo-Tech-N-Bio.svg\",\"width\":131,\"height\":49,\"caption\":\"Tech N Bio\"},\"image\":{\"@id\":\"https:\\\/\\\/tech-n-bio.com\\\/#\\\/schema\\\/logo\\\/image\\\/\"}},{\"@type\":\"Person\",\"@id\":\"https:\\\/\\\/tech-n-bio.com\\\/#\\\/schema\\\/person\\\/92d89370de6a28875996815f15cc05c4\",\"name\":\"marquedigitale\",\"image\":{\"@type\":\"ImageObject\",\"inLanguage\":\"en-US\",\"@id\":\"https:\\\/\\\/secure.gravatar.com\\\/avatar\\\/8861b0c00d32a320499c29cf74211f9b72b04fb61cdd00cbab282cd582ac8330?s=96&d=mm&r=g\",\"url\":\"https:\\\/\\\/secure.gravatar.com\\\/avatar\\\/8861b0c00d32a320499c29cf74211f9b72b04fb61cdd00cbab282cd582ac8330?s=96&d=mm&r=g\",\"contentUrl\":\"https:\\\/\\\/secure.gravatar.com\\\/avatar\\\/8861b0c00d32a320499c29cf74211f9b72b04fb61cdd00cbab282cd582ac8330?s=96&d=mm&r=g\",\"caption\":\"marquedigitale\"},\"sameAs\":[\"https:\\\/\\\/tech-n-bio.com\"],\"url\":\"https:\\\/\\\/tech-n-bio.com\\\/en\\\/author\\\/marquedigitale\\\/\"}]}<\/script>\n<!-- \/ Yoast SEO plugin. -->","yoast_head_json":{"title":"Ouverture des r\u00e9servations de stand pour le salon Tech&Bio 2025 - Tech N Bio","description":"%Ouverture des r\u00e9servations de stand pour le salon Tech&Bio 2025 - Tech&Bio, le salon agricole international des techniques bio et alternatives - Dr\u00f4me","robots":{"index":"index","follow":"follow","max-snippet":"max-snippet:-1","max-image-preview":"max-image-preview:large","max-video-preview":"max-video-preview:-1"},"canonical":"https:\/\/tech-n-bio.com\/en\/ouverture-des-reservations-de-stand-pour-le-salon-agricole-international-techbio-2025\/","og_locale":"en_US","og_type":"article","og_title":"Ouverture des r\u00e9servations de stand pour le salon Tech&Bio 2025 - Tech N Bio","og_description":"%Ouverture des r\u00e9servations de stand pour le salon Tech&Bio 2025 - Tech&Bio, le salon agricole international des techniques bio et alternatives - Dr\u00f4me","og_url":"https:\/\/tech-n-bio.com\/en\/ouverture-des-reservations-de-stand-pour-le-salon-agricole-international-techbio-2025\/","og_site_name":"Tech N Bio","article_published_time":"2024-12-11T13:25:59+00:00","article_modified_time":"2024-12-12T13:16:31+00:00","og_image":[{"width":1200,"height":600,"url":"https:\/\/tech-n-bio.com\/wp-content\/uploads\/2024\/12\/Salon-agricole-international-tech-bio-2025-inscription.jpg","type":"image\/jpeg"}],"author":"marquedigitale","twitter_card":"summary_large_image","twitter_misc":{"Written by":"marquedigitale","Est. reading time":"1 minute"},"schema":{"@context":"https:\/\/schema.org","@graph":[{"@type":"Article","@id":"https:\/\/tech-n-bio.com\/ouverture-des-reservations-de-stand-pour-le-salon-agricole-international-techbio-2025\/#article","isPartOf":{"@id":"https:\/\/tech-n-bio.com\/ouverture-des-reservations-de-stand-pour-le-salon-agricole-international-techbio-2025\/"},"author":{"name":"marquedigitale","@id":"https:\/\/tech-n-bio.com\/#\/schema\/person\/92d89370de6a28875996815f15cc05c4"},"headline":"Ouverture des r\u00e9servations de stand pour le salon Tech&#038;Bio 2025","datePublished":"2024-12-11T13:25:59+00:00","dateModified":"2024-12-12T13:16:31+00:00","mainEntityOfPage":{"@id":"https:\/\/tech-n-bio.com\/ouverture-des-reservations-de-stand-pour-le-salon-agricole-international-techbio-2025\/"},"wordCount":105,"publisher":{"@id":"https:\/\/tech-n-bio.com\/#organization"},"image":{"@id":"https:\/\/tech-n-bio.com\/ouverture-des-reservations-de-stand-pour-le-salon-agricole-international-techbio-2025\/#primaryimage"},"thumbnailUrl":"https:\/\/tech-n-bio.com\/wp-content\/uploads\/2024\/12\/Salon-agricole-international-tech-bio-2025-inscription.jpg","articleSection":["Salon 2025"],"inLanguage":"en-US"},{"@type":"WebPage","@id":"https:\/\/tech-n-bio.com\/ouverture-des-reservations-de-stand-pour-le-salon-agricole-international-techbio-2025\/","url":"https:\/\/tech-n-bio.com\/ouverture-des-reservations-de-stand-pour-le-salon-agricole-international-techbio-2025\/","name":"Ouverture des r\u00e9servations de stand pour le salon Tech&Bio 2025 - Tech N Bio","isPartOf":{"@id":"https:\/\/tech-n-bio.com\/#website"},"primaryImageOfPage":{"@id":"https:\/\/tech-n-bio.com\/ouverture-des-reservations-de-stand-pour-le-salon-agricole-international-techbio-2025\/#primaryimage"},"image":{"@id":"https:\/\/tech-n-bio.com\/ouverture-des-reservations-de-stand-pour-le-salon-agricole-international-techbio-2025\/#primaryimage"},"thumbnailUrl":"https:\/\/tech-n-bio.com\/wp-content\/uploads\/2024\/12\/Salon-agricole-international-tech-bio-2025-inscription.jpg","datePublished":"2024-12-11T13:25:59+00:00","dateModified":"2024-12-12T13:16:31+00:00","description":"%Ouverture des r\u00e9servations de stand pour le salon Tech&Bio 2025 - Tech&Bio, le salon agricole international des techniques bio et alternatives - Dr\u00f4me","inLanguage":"en-US","potentialAction":[{"@type":"ReadAction","target":["https:\/\/tech-n-bio.com\/ouverture-des-reservations-de-stand-pour-le-salon-agricole-international-techbio-2025\/"]}]},{"@type":"ImageObject","inLanguage":"en-US","@id":"https:\/\/tech-n-bio.com\/ouverture-des-reservations-de-stand-pour-le-salon-agricole-international-techbio-2025\/#primaryimage","url":"https:\/\/tech-n-bio.com\/wp-content\/uploads\/2024\/12\/Salon-agricole-international-tech-bio-2025-inscription.jpg","contentUrl":"https:\/\/tech-n-bio.com\/wp-content\/uploads\/2024\/12\/Salon-agricole-international-tech-bio-2025-inscription.jpg","width":1200,"height":600,"caption":"Salon Agricole International Tech & Bio 2025 Inscription"},{"@type":"WebSite","@id":"https:\/\/tech-n-bio.com\/#website","url":"https:\/\/tech-n-bio.com\/","name":"Tech N Bio","description":"","publisher":{"@id":"https:\/\/tech-n-bio.com\/#organization"},"potentialAction":[{"@type":"SearchAction","target":{"@type":"EntryPoint","urlTemplate":"https:\/\/tech-n-bio.com\/?s={search_term_string}"},"query-input":{"@type":"PropertyValueSpecification","valueRequired":true,"valueName":"search_term_string"}}],"inLanguage":"en-US"},{"@type":"Organization","@id":"https:\/\/tech-n-bio.com\/#organization","name":"Tech N Bio","url":"https:\/\/tech-n-bio.com\/","logo":{"@type":"ImageObject","inLanguage":"en-US","@id":"https:\/\/tech-n-bio.com\/#\/schema\/logo\/image\/","url":"https:\/\/tech-n-bio.com\/wp-content\/uploads\/2024\/09\/logo-Tech-N-Bio.svg","contentUrl":"https:\/\/tech-n-bio.com\/wp-content\/uploads\/2024\/09\/logo-Tech-N-Bio.svg","width":131,"height":49,"caption":"Tech N Bio"},"image":{"@id":"https:\/\/tech-n-bio.com\/#\/schema\/logo\/image\/"}},{"@type":"Person","@id":"https:\/\/tech-n-bio.com\/#\/schema\/person\/92d89370de6a28875996815f15cc05c4","name":"marquedigitale","image":{"@type":"ImageObject","inLanguage":"en-US","@id":"https:\/\/secure.gravatar.com\/avatar\/8861b0c00d32a320499c29cf74211f9b72b04fb61cdd00cbab282cd582ac8330?s=96&d=mm&r=g","url":"https:\/\/secure.gravatar.com\/avatar\/8861b0c00d32a320499c29cf74211f9b72b04fb61cdd00cbab282cd582ac8330?s=96&d=mm&r=g","contentUrl":"https:\/\/secure.gravatar.com\/avatar\/8861b0c00d32a320499c29cf74211f9b72b04fb61cdd00cbab282cd582ac8330?s=96&d=mm&r=g","caption":"marquedigitale"},"sameAs":["https:\/\/tech-n-bio.com"],"url":"https:\/\/tech-n-bio.com\/en\/author\/marquedigitale\/"}]}},"_links":{"self":[{"href":"https:\/\/tech-n-bio.com\/en\/wp-json\/wp\/v2\/posts\/6020","targetHints":{"allow":["GET"]}}],"collection":[{"href":"https:\/\/tech-n-bio.com\/en\/wp-json\/wp\/v2\/posts"}],"about":[{"href":"https:\/\/tech-n-bio.com\/en\/wp-json\/wp\/v2\/types\/post"}],"author":[{"embeddable":true,"href":"https:\/\/tech-n-bio.com\/en\/wp-json\/wp\/v2\/users\/5"}],"replies":[{"embeddable":true,"href":"https:\/\/tech-n-bio.com\/en\/wp-json\/wp\/v2\/comments?post=6020"}],"version-history":[{"count":5,"href":"https:\/\/tech-n-bio.com\/en\/wp-json\/wp\/v2\/posts\/6020\/revisions"}],"predecessor-version":[{"id":6138,"href":"https:\/\/tech-n-bio.com\/en\/wp-json\/wp\/v2\/posts\/6020\/revisions\/6138"}],"wp:featuredmedia":[{"embeddable":true,"href":"https:\/\/tech-n-bio.com\/en\/wp-json\/wp\/v2\/media\/6022"}],"wp:attachment":[{"href":"https:\/\/tech-n-bio.com\/en\/wp-json\/wp\/v2\/media?parent=6020"}],"wp:term":[{"taxonomy":"category","embeddable":true,"href":"https:\/\/tech-n-bio.com\/en\/wp-json\/wp\/v2\/categories?post=6020"},{"taxonomy":"post_tag","embeddable":true,"href":"https:\/\/tech-n-bio.com\/en\/wp-json\/wp\/v2\/tags?post=6020"}],"curies":[{"name":"wp","href":"https:\/\/api.w.org\/{rel}","templated":true}]}}